{"id":9435,"date":"2026-02-17T21:59:30","date_gmt":"2026-02-17T21:59:30","guid":{"rendered":"https:\/\/abogadaadrianagomez.com\/?p=9435"},"modified":"2026-04-09T14:24:54","modified_gmt":"2026-04-09T14:24:54","slug":"inmigracion-y-detenciones-que-hacer-cuales-son-tus-derechos-y-como-proteger-a-tu-familia","status":"publish","type":"post","link":"https:\/\/abogadaadrianagomez.com\/en\/inmigracion-y-detenciones-que-hacer-cuales-son-tus-derechos-y-como-proteger-a-tu-familia\/","title":{"rendered":"Immigration and detentions: what to do, what your rights are, and how to protect your family"},"content":{"rendered":"<p class=\"has-text-align-center wp-block-paragraph\">Las detenciones migratorias generan miedo e incertidumbre. Sin embargo, el conocimiento y la preparaci\u00f3n pueden marcar una diferencia significativa.<\/p>\n\n\n\n<p class=\"has-text-align-center wp-block-paragraph\">En los \u00faltimos meses hemos visto un aumento en visitas domiciliarias, detenciones en lugares de trabajo y reactivaci\u00f3n de \u00f3rdenes de deportaci\u00f3n antiguas. Muchas personas no sab\u00edan que su caso segu\u00eda activo hasta que enfrentaron una situaci\u00f3n inesperada.<\/p>\n\n\n\n<p class=\"has-text-align-center wp-block-paragraph\">La buena noticia es que existen derechos y herramientas legales que pueden protegerte.<\/p>\n\n\n\n<hr class=\"wp-block-separator has-alpha-channel-opacity\"\/>\n\n\n\n<h2 class=\"wp-block-heading\">\u00bfQu\u00e9 hacer si ICE toca la puerta?<\/h2>\n\n\n\n<p class=\"wp-block-paragraph\">Si un agente de inmigraci\u00f3n llega a tu casa:<\/p>\n\n\n\n<ul class=\"wp-block-list\">\n<li>No abras la puerta si no presentan una orden judicial firmada por un juez.<\/li>\n\n\n\n<li>Pide que la orden sea mostrada por la ventana o pasada por debajo de la puerta.<\/li>\n\n\n\n<li>Verifica que diga \u201cU.S. District Court\u201d o que est\u00e9 firmada por un juez, no solo por un oficial de ICE.<\/li>\n\n\n\n<li>Mant\u00e9n la calma.<\/li>\n\n\n\n<li>No firmes ning\u00fan documento sin hablar con un abogado.<\/li>\n\n\n\n<li>Puedes ejercer tu derecho a guardar silencio.<\/li>\n<\/ul>\n\n\n\n<p class=\"wp-block-paragraph\">Muchas personas creen que deben abrir la puerta obligatoriamente. En realidad, sin una orden judicial v\u00e1lida, no est\u00e1s obligado a permitir la entrada.<\/p>\n\n\n\n<hr class=\"wp-block-separator has-alpha-channel-opacity\"\/>\n\n\n\n<h2 class=\"wp-block-heading\">Derechos constitucionales de inmigrantes<\/h2>\n\n\n\n<p class=\"wp-block-paragraph\">Todas las personas en Estados Unidos, sin importar su estatus migratorio, tienen derechos constitucionales.<\/p>\n\n\n\n<p class=\"wp-block-paragraph\">Entre ellos:<\/p>\n\n\n\n<ul class=\"wp-block-list\">\n<li>Derecho a guardar silencio.<\/li>\n\n\n\n<li>Derecho a no permitir la entrada sin orden judicial v\u00e1lida.<\/li>\n\n\n\n<li>Derecho a no firmar documentos sin entenderlos.<\/li>\n\n\n\n<li>Derecho a solicitar hablar con un abogado.<\/li>\n<\/ul>\n\n\n\n<p class=\"wp-block-paragraph\">Ejercer estos derechos no empeora tu situaci\u00f3n. Lo que s\u00ed puede afectar seriamente tu caso es firmar documentos bajo presi\u00f3n o proporcionar informaci\u00f3n sin asesor\u00eda.<\/p>\n\n\n\n<hr class=\"wp-block-separator has-alpha-channel-opacity\"\/>\n\n\n\n<h2 class=\"wp-block-heading\">Plan familiar en caso de detenci\u00f3n<\/h2>\n\n\n\n<p class=\"wp-block-paragraph\">Uno de los pasos m\u00e1s importantes es tener un plan familiar preparado.<\/p>\n\n\n\n<p class=\"wp-block-paragraph\">Un plan puede incluir:<\/p>\n\n\n\n<ul class=\"wp-block-list\">\n<li>Designar una persona de confianza para el cuidado de los hijos.<\/li>\n\n\n\n<li>Tener documentos importantes organizados en un lugar accesible.<\/li>\n\n\n\n<li>Memorizar n\u00fameros de tel\u00e9fono clave.<\/li>\n\n\n\n<li>Informar a la familia sobre qu\u00e9 hacer si ocurre una detenci\u00f3n.<\/li>\n\n\n\n<li>Guardar copia de documentos migratorios y de identidad.<\/li>\n<\/ul>\n\n\n\n<p class=\"wp-block-paragraph\">La preparaci\u00f3n no significa que algo va a ocurrir. Significa que est\u00e1s protegiendo a tu familia con responsabilidad.<\/p>\n\n\n\n<hr class=\"wp-block-separator has-alpha-channel-opacity\"\/>\n\n\n\n<hr class=\"wp-block-separator has-alpha-channel-opacity\"\/>\n\n\n\n<h2 class=\"wp-block-heading\">\u00bfQu\u00e9 sucede despu\u00e9s de una detenci\u00f3n?<\/h2>\n\n\n\n<p class=\"wp-block-paragraph\">Si una persona es detenida por ICE, puede ser trasladada a un centro de detenci\u00f3n migratoria, a veces en otro estado. El acceso a familiares puede volverse limitado y el tiempo es fundamental.<\/p>\n\n\n\n<p class=\"wp-block-paragraph\">En algunos casos es posible:<\/p>\n\n\n\n<ul class=\"wp-block-list\">\n<li>Solicitar una audiencia de fianza.<\/li>\n\n\n\n<li>Impugnar la detenci\u00f3n si es prolongada o irregular.<\/li>\n\n\n\n<li>Revisar si existen defensas pendientes.<\/li>\n\n\n\n<li>Evaluar recursos como mociones para reabrir casos antiguos.<\/li>\n\n\n\n<li>Analizar la posibilidad de un Habeas Corpus cuando la detenci\u00f3n es ilegal o excesiva.<\/li>\n<\/ul>\n\n\n\n<p class=\"wp-block-paragraph\">Cada caso requiere un an\u00e1lisis espec\u00edfico. No todas las personas califican para los mismos recursos, pero muchas veces existen opciones que no fueron evaluadas previamente.<\/p>\n\n\n\n<hr class=\"wp-block-separator has-alpha-channel-opacity\"\/>\n\n\n\n<h2 class=\"wp-block-heading\">Errores comunes que pueden empeorar una situaci\u00f3n<\/h2>\n\n\n\n<p class=\"wp-block-paragraph\">Hemos observado algunos errores frecuentes:<\/p>\n\n\n\n<ul class=\"wp-block-list\">\n<li>Firmar una salida voluntaria sin entender las consecuencias.<\/li>\n\n\n\n<li>Proporcionar informaci\u00f3n incorrecta por nerviosismo.<\/li>\n\n\n\n<li>No informar a familiares sobre d\u00f3nde est\u00e1n documentos importantes.<\/li>\n\n\n\n<li>Esperar demasiado tiempo para buscar asesor\u00eda legal.<\/li>\n<\/ul>\n\n\n\n<p class=\"wp-block-paragraph\">La rapidez y la orientaci\u00f3n adecuada pueden marcar una diferencia significativa.<\/p>\n\n\n\n<hr class=\"wp-block-separator has-alpha-channel-opacity\"\/>\n\n\n\n<h2 class=\"wp-block-heading\">Preparaci\u00f3n y prevenci\u00f3n<\/h2>\n\n\n\n<p class=\"wp-block-paragraph\">En 2026, la prevenci\u00f3n es clave. Aunque no todas las personas enfrentan riesgo inmediato, revisar tu situaci\u00f3n migratoria y preparar un plan familiar es una decisi\u00f3n responsable.<\/p>\n\n\n\n<p class=\"wp-block-paragraph\">Algunas preguntas importantes que puedes hacerte:<\/p>\n\n\n\n<ul class=\"wp-block-list\">\n<li>\u00bfTengo una orden de deportaci\u00f3n antigua?<\/li>\n\n\n\n<li>\u00bfMi direcci\u00f3n est\u00e1 actualizada ante inmigraci\u00f3n?<\/li>\n\n\n\n<li>\u00bfMi familia sabe qu\u00e9 hacer si soy detenido?<\/li>\n\n\n\n<li>\u00bfTengo copia de todos mis documentos?<\/li>\n<\/ul>\n\n\n\n<p class=\"wp-block-paragraph\">Si no tienes respuestas claras, es momento de buscarlas.<\/p>\n\n\n\n<hr class=\"wp-block-separator has-alpha-channel-opacity\"\/>\n\n\n\n<p class=\"wp-block-paragraph\">La informaci\u00f3n no elimina la incertidumbre, pero s\u00ed reduce el riesgo de decisiones apresuradas.<\/p>\n\n\n\n<p class=\"wp-block-paragraph\">Estar preparado no significa vivir con miedo. Significa actuar con conciencia y responsabilidad para proteger tu estabilidad y la de tu familia.<\/p>\n\n\n\n<p class=\"wp-block-paragraph\">Si tienes dudas sobre tu situaci\u00f3n, una revisi\u00f3n preventiva puede darte claridad y tranquilidad.<\/p>\n\n\n\n<p class=\"wp-block-paragraph\">Estamos aqu\u00ed para ayudarte.<\/p>\n\n\n\n<p class=\"wp-block-paragraph\"><\/p>","protected":false},"excerpt":{"rendered":"<p>Immigration detentions generate fear and uncertainty. However, knowledge and preparation can make a significant difference.<\/p>","protected":false},"author":1,"featured_media":9436,"comment_status":"open","ping_status":"open","sticky":false,"template":"","format":"standard","meta":{"_joinchat":[],"footnotes":""},"categories":[72,87,1],"tags":[],"class_list":["post-9435","post","type-post","status-publish","format-standard","has-post-thumbnail","hentry","category-apoyo-legal","category-ice","category-visas"],"aioseo_notices":[],"aioseo_head":"\n\t\t<!-- All in One SEO 5.0.1.1 - aioseo.com -->\n\t<meta name=\"description\" content=\"Las detenciones migratorias generan miedo e incertidumbre. Sin embargo, el conocimiento y la preparaci\u00f3n pueden marcar una diferencia significativa. En los \u00faltimos meses hemos visto un aumento en visitas domiciliarias, detenciones en lugares de trabajo y reactivaci\u00f3n de \u00f3rdenes de deportaci\u00f3n antiguas. Muchas personas no sab\u00edan que su caso segu\u00eda activo hasta que enfrentaron una\" \/>\n\t<meta name=\"robots\" content=\"max-image-preview:large\" \/>\n\t<meta name=\"author\" content=\"abogada-adriana-user-col\"\/>\n\t<link rel=\"canonical\" href=\"https:\/\/abogadaadrianagomez.com\/en\/inmigracion-y-detenciones-que-hacer-cuales-son-tus-derechos-y-como-proteger-a-tu-familia\/\" \/>\n\t<meta name=\"generator\" content=\"All in One SEO (AIOSEO) 5.0.1.1\" \/>\n\t\t<meta property=\"og:locale\" content=\"en_US\" \/>\n\t\t<meta property=\"og:site_name\" content=\"Abogada Adriana G\u00f3mez -\" \/>\n\t\t<meta property=\"og:type\" content=\"article\" \/>\n\t\t<meta property=\"og:title\" content=\"2026 - Abogada Adriana G\u00f3mez\" \/>\n\t\t<meta property=\"og:description\" content=\"Las detenciones migratorias generan miedo e incertidumbre. Sin embargo, el conocimiento y la preparaci\u00f3n pueden marcar una diferencia significativa. En los \u00faltimos meses hemos visto un aumento en visitas domiciliarias, detenciones en lugares de trabajo y reactivaci\u00f3n de \u00f3rdenes de deportaci\u00f3n antiguas. Muchas personas no sab\u00edan que su caso segu\u00eda activo hasta que enfrentaron una\" \/>\n\t\t<meta property=\"og:url\" content=\"https:\/\/abogadaadrianagomez.com\/en\/inmigracion-y-detenciones-que-hacer-cuales-son-tus-derechos-y-como-proteger-a-tu-familia\/\" \/>\n\t\t<meta property=\"article:published_time\" content=\"2026-02-17T21:59:30+00:00\" \/>\n\t\t<meta property=\"article:modified_time\" content=\"2026-04-09T14:24:54+00:00\" \/>\n\t\t<meta name=\"twitter:card\" content=\"summary_large_image\" \/>\n\t\t<meta name=\"twitter:title\" content=\"2026 - Abogada Adriana G\u00f3mez\" \/>\n\t\t<meta name=\"twitter:description\" content=\"Las detenciones migratorias generan miedo e incertidumbre. Sin embargo, el conocimiento y la preparaci\u00f3n pueden marcar una diferencia significativa. En los \u00faltimos meses hemos visto un aumento en visitas domiciliarias, detenciones en lugares de trabajo y reactivaci\u00f3n de \u00f3rdenes de deportaci\u00f3n antiguas. Muchas personas no sab\u00edan que su caso segu\u00eda activo hasta que enfrentaron una\" \/>\n\t\t<script type=\"application\/ld+json\" class=\"aioseo-schema\">\n\t\t\t{\"@context\":\"https:\\\/\\\/schema.org\",\"@graph\":[{\"@type\":\"BlogPosting\",\"@id\":\"https:\\\/\\\/abogadaadrianagomez.com\\\/en\\\/inmigracion-y-detenciones-que-hacer-cuales-son-tus-derechos-y-como-proteger-a-tu-familia\\\/#blogposting\",\"name\":\"2026 - Abogada Adriana G\\u00f3mez\",\"headline\":\"Inmigraci\\u00f3n y detenciones: qu\\u00e9 hacer, cu\\u00e1les son tus derechos y c\\u00f3mo proteger a tu familia\",\"author\":{\"@id\":\"https:\\\/\\\/abogadaadrianagomez.com\\\/en\\\/author\\\/abogada-adriana-user-col\\\/#author\"},\"publisher\":{\"@id\":\"https:\\\/\\\/abogadaadrianagomez.com\\\/en\\\/#organization\"},\"image\":{\"@type\":\"ImageObject\",\"url\":\"https:\\\/\\\/abogadaadrianagomez.com\\\/wp-content\\\/uploads\\\/2026\\\/02\\\/shutterstock_2482099011-scaled.jpg\",\"width\":2560,\"height\":1620},\"datePublished\":\"2026-02-17T21:59:30+00:00\",\"dateModified\":\"2026-04-09T14:24:54+00:00\",\"inLanguage\":\"en-US\",\"mainEntityOfPage\":{\"@id\":\"https:\\\/\\\/abogadaadrianagomez.com\\\/en\\\/inmigracion-y-detenciones-que-hacer-cuales-son-tus-derechos-y-como-proteger-a-tu-familia\\\/#webpage\"},\"isPartOf\":{\"@id\":\"https:\\\/\\\/abogadaadrianagomez.com\\\/en\\\/inmigracion-y-detenciones-que-hacer-cuales-son-tus-derechos-y-como-proteger-a-tu-familia\\\/#webpage\"},\"articleSection\":\"Apoyo Legal, ICE, Visas\"},{\"@type\":\"BreadcrumbList\",\"@id\":\"https:\\\/\\\/abogadaadrianagomez.com\\\/en\\\/inmigracion-y-detenciones-que-hacer-cuales-son-tus-derechos-y-como-proteger-a-tu-familia\\\/#breadcrumblist\",\"itemListElement\":[{\"@type\":\"ListItem\",\"@id\":\"https:\\\/\\\/abogadaadrianagomez.com\\\/en#listItem\",\"position\":1,\"name\":\"Home\",\"item\":\"https:\\\/\\\/abogadaadrianagomez.com\\\/en\",\"nextItem\":{\"@type\":\"ListItem\",\"@id\":\"https:\\\/\\\/abogadaadrianagomez.com\\\/en\\\/category\\\/visas\\\/#listItem\",\"name\":\"Visas\"}},{\"@type\":\"ListItem\",\"@id\":\"https:\\\/\\\/abogadaadrianagomez.com\\\/en\\\/category\\\/visas\\\/#listItem\",\"position\":2,\"name\":\"Visas\",\"item\":\"https:\\\/\\\/abogadaadrianagomez.com\\\/en\\\/category\\\/visas\\\/\",\"nextItem\":{\"@type\":\"ListItem\",\"@id\":\"https:\\\/\\\/abogadaadrianagomez.com\\\/en\\\/inmigracion-y-detenciones-que-hacer-cuales-son-tus-derechos-y-como-proteger-a-tu-familia\\\/#listItem\",\"name\":\"Inmigraci\\u00f3n y detenciones: qu\\u00e9 hacer, cu\\u00e1les son tus derechos y c\\u00f3mo proteger a tu familia\"},\"previousItem\":{\"@type\":\"ListItem\",\"@id\":\"https:\\\/\\\/abogadaadrianagomez.com\\\/en#listItem\",\"name\":\"Home\"}},{\"@type\":\"ListItem\",\"@id\":\"https:\\\/\\\/abogadaadrianagomez.com\\\/en\\\/inmigracion-y-detenciones-que-hacer-cuales-son-tus-derechos-y-como-proteger-a-tu-familia\\\/#listItem\",\"position\":3,\"name\":\"Inmigraci\\u00f3n y detenciones: qu\\u00e9 hacer, cu\\u00e1les son tus derechos y c\\u00f3mo proteger a tu familia\",\"previousItem\":{\"@type\":\"ListItem\",\"@id\":\"https:\\\/\\\/abogadaadrianagomez.com\\\/en\\\/category\\\/visas\\\/#listItem\",\"name\":\"Visas\"}}]},{\"@type\":\"Organization\",\"@id\":\"https:\\\/\\\/abogadaadrianagomez.com\\\/en\\\/#organization\",\"name\":\"Abogada Adriana G\\u00f3mez\",\"url\":\"https:\\\/\\\/abogadaadrianagomez.com\\\/en\\\/\"},{\"@type\":\"Person\",\"@id\":\"https:\\\/\\\/abogadaadrianagomez.com\\\/en\\\/author\\\/abogada-adriana-user-col\\\/#author\",\"url\":\"https:\\\/\\\/abogadaadrianagomez.com\\\/en\\\/author\\\/abogada-adriana-user-col\\\/\",\"name\":\"abogada-adriana-user-col\",\"image\":{\"@type\":\"ImageObject\",\"@id\":\"https:\\\/\\\/abogadaadrianagomez.com\\\/en\\\/inmigracion-y-detenciones-que-hacer-cuales-son-tus-derechos-y-como-proteger-a-tu-familia\\\/#authorImage\",\"url\":\"https:\\\/\\\/secure.gravatar.com\\\/avatar\\\/3834d9b817f00a65e1f938b554678dea2f8351dbbddb60b69691b1685f029cc1?s=96&d=mm&r=g\",\"width\":96,\"height\":96,\"caption\":\"abogada-adriana-user-col\"}},{\"@type\":\"WebPage\",\"@id\":\"https:\\\/\\\/abogadaadrianagomez.com\\\/en\\\/inmigracion-y-detenciones-que-hacer-cuales-son-tus-derechos-y-como-proteger-a-tu-familia\\\/#webpage\",\"url\":\"https:\\\/\\\/abogadaadrianagomez.com\\\/en\\\/inmigracion-y-detenciones-que-hacer-cuales-son-tus-derechos-y-como-proteger-a-tu-familia\\\/\",\"name\":\"2026 - Abogada Adriana G\\u00f3mez\",\"description\":\"Las detenciones migratorias generan miedo e incertidumbre. Sin embargo, el conocimiento y la preparaci\\u00f3n pueden marcar una diferencia significativa. En los \\u00faltimos meses hemos visto un aumento en visitas domiciliarias, detenciones en lugares de trabajo y reactivaci\\u00f3n de \\u00f3rdenes de deportaci\\u00f3n antiguas. Muchas personas no sab\\u00edan que su caso segu\\u00eda activo hasta que enfrentaron una\",\"inLanguage\":\"en-US\",\"isPartOf\":{\"@id\":\"https:\\\/\\\/abogadaadrianagomez.com\\\/en\\\/#website\"},\"breadcrumb\":{\"@id\":\"https:\\\/\\\/abogadaadrianagomez.com\\\/en\\\/inmigracion-y-detenciones-que-hacer-cuales-son-tus-derechos-y-como-proteger-a-tu-familia\\\/#breadcrumblist\"},\"author\":{\"@id\":\"https:\\\/\\\/abogadaadrianagomez.com\\\/en\\\/author\\\/abogada-adriana-user-col\\\/#author\"},\"creator\":{\"@id\":\"https:\\\/\\\/abogadaadrianagomez.com\\\/en\\\/author\\\/abogada-adriana-user-col\\\/#author\"},\"image\":{\"@type\":\"ImageObject\",\"url\":\"https:\\\/\\\/abogadaadrianagomez.com\\\/wp-content\\\/uploads\\\/2026\\\/02\\\/shutterstock_2482099011-scaled.jpg\",\"@id\":\"https:\\\/\\\/abogadaadrianagomez.com\\\/en\\\/inmigracion-y-detenciones-que-hacer-cuales-son-tus-derechos-y-como-proteger-a-tu-familia\\\/#mainImage\",\"width\":2560,\"height\":1620},\"primaryImageOfPage\":{\"@id\":\"https:\\\/\\\/abogadaadrianagomez.com\\\/en\\\/inmigracion-y-detenciones-que-hacer-cuales-son-tus-derechos-y-como-proteger-a-tu-familia\\\/#mainImage\"},\"datePublished\":\"2026-02-17T21:59:30+00:00\",\"dateModified\":\"2026-04-09T14:24:54+00:00\"},{\"@type\":\"WebSite\",\"@id\":\"https:\\\/\\\/abogadaadrianagomez.com\\\/en\\\/#website\",\"url\":\"https:\\\/\\\/abogadaadrianagomez.com\\\/en\\\/\",\"name\":\"Abogada Adriana G\\u00f3mez\",\"inLanguage\":\"en-US\",\"publisher\":{\"@id\":\"https:\\\/\\\/abogadaadrianagomez.com\\\/en\\\/#organization\"}}]}\n\t\t<\/script>\n\t\t<!-- All in One SEO -->\n\n","aioseo_head_json":{"title":"2026 - Abogada Adriana G\u00f3mez","description":"Las detenciones migratorias generan miedo e incertidumbre. Sin embargo, el conocimiento y la preparaci\u00f3n pueden marcar una diferencia significativa. En los \u00faltimos meses hemos visto un aumento en visitas domiciliarias, detenciones en lugares de trabajo y reactivaci\u00f3n de \u00f3rdenes de deportaci\u00f3n antiguas. Muchas personas no sab\u00edan que su caso segu\u00eda activo hasta que enfrentaron una","canonical_url":"https:\/\/abogadaadrianagomez.com\/en\/inmigracion-y-detenciones-que-hacer-cuales-son-tus-derechos-y-como-proteger-a-tu-familia\/","robots":"max-image-preview:large","keywords":"","webmasterTools":{"miscellaneous":""},"schema":{"@context":"https:\/\/schema.org","@graph":[{"@type":"BlogPosting","@id":"https:\/\/abogadaadrianagomez.com\/en\/inmigracion-y-detenciones-que-hacer-cuales-son-tus-derechos-y-como-proteger-a-tu-familia\/#blogposting","name":"2026 - Abogada Adriana G\u00f3mez","headline":"Inmigraci\u00f3n y detenciones: qu\u00e9 hacer, cu\u00e1les son tus derechos y c\u00f3mo proteger a tu familia","author":{"@id":"https:\/\/abogadaadrianagomez.com\/en\/author\/abogada-adriana-user-col\/#author"},"publisher":{"@id":"https:\/\/abogadaadrianagomez.com\/en\/#organization"},"image":{"@type":"ImageObject","url":"https:\/\/abogadaadrianagomez.com\/wp-content\/uploads\/2026\/02\/shutterstock_2482099011-scaled.jpg","width":2560,"height":1620},"datePublished":"2026-02-17T21:59:30+00:00","dateModified":"2026-04-09T14:24:54+00:00","inLanguage":"en-US","mainEntityOfPage":{"@id":"https:\/\/abogadaadrianagomez.com\/en\/inmigracion-y-detenciones-que-hacer-cuales-son-tus-derechos-y-como-proteger-a-tu-familia\/#webpage"},"isPartOf":{"@id":"https:\/\/abogadaadrianagomez.com\/en\/inmigracion-y-detenciones-que-hacer-cuales-son-tus-derechos-y-como-proteger-a-tu-familia\/#webpage"},"articleSection":"Apoyo Legal, ICE, Visas"},{"@type":"BreadcrumbList","@id":"https:\/\/abogadaadrianagomez.com\/en\/inmigracion-y-detenciones-que-hacer-cuales-son-tus-derechos-y-como-proteger-a-tu-familia\/#breadcrumblist","itemListElement":[{"@type":"ListItem","@id":"https:\/\/abogadaadrianagomez.com\/en#listItem","position":1,"name":"Home","item":"https:\/\/abogadaadrianagomez.com\/en","nextItem":{"@type":"ListItem","@id":"https:\/\/abogadaadrianagomez.com\/en\/category\/visas\/#listItem","name":"Visas"}},{"@type":"ListItem","@id":"https:\/\/abogadaadrianagomez.com\/en\/category\/visas\/#listItem","position":2,"name":"Visas","item":"https:\/\/abogadaadrianagomez.com\/en\/category\/visas\/","nextItem":{"@type":"ListItem","@id":"https:\/\/abogadaadrianagomez.com\/en\/inmigracion-y-detenciones-que-hacer-cuales-son-tus-derechos-y-como-proteger-a-tu-familia\/#listItem","name":"Inmigraci\u00f3n y detenciones: qu\u00e9 hacer, cu\u00e1les son tus derechos y c\u00f3mo proteger a tu familia"},"previousItem":{"@type":"ListItem","@id":"https:\/\/abogadaadrianagomez.com\/en#listItem","name":"Home"}},{"@type":"ListItem","@id":"https:\/\/abogadaadrianagomez.com\/en\/inmigracion-y-detenciones-que-hacer-cuales-son-tus-derechos-y-como-proteger-a-tu-familia\/#listItem","position":3,"name":"Inmigraci\u00f3n y detenciones: qu\u00e9 hacer, cu\u00e1les son tus derechos y c\u00f3mo proteger a tu familia","previousItem":{"@type":"ListItem","@id":"https:\/\/abogadaadrianagomez.com\/en\/category\/visas\/#listItem","name":"Visas"}}]},{"@type":"Organization","@id":"https:\/\/abogadaadrianagomez.com\/en\/#organization","name":"Abogada Adriana G\u00f3mez","url":"https:\/\/abogadaadrianagomez.com\/en\/"},{"@type":"Person","@id":"https:\/\/abogadaadrianagomez.com\/en\/author\/abogada-adriana-user-col\/#author","url":"https:\/\/abogadaadrianagomez.com\/en\/author\/abogada-adriana-user-col\/","name":"abogada-adriana-user-col","image":{"@type":"ImageObject","@id":"https:\/\/abogadaadrianagomez.com\/en\/inmigracion-y-detenciones-que-hacer-cuales-son-tus-derechos-y-como-proteger-a-tu-familia\/#authorImage","url":"https:\/\/secure.gravatar.com\/avatar\/3834d9b817f00a65e1f938b554678dea2f8351dbbddb60b69691b1685f029cc1?s=96&d=mm&r=g","width":96,"height":96,"caption":"abogada-adriana-user-col"}},{"@type":"WebPage","@id":"https:\/\/abogadaadrianagomez.com\/en\/inmigracion-y-detenciones-que-hacer-cuales-son-tus-derechos-y-como-proteger-a-tu-familia\/#webpage","url":"https:\/\/abogadaadrianagomez.com\/en\/inmigracion-y-detenciones-que-hacer-cuales-son-tus-derechos-y-como-proteger-a-tu-familia\/","name":"2026 - Abogada Adriana G\u00f3mez","description":"Las detenciones migratorias generan miedo e incertidumbre. Sin embargo, el conocimiento y la preparaci\u00f3n pueden marcar una diferencia significativa. En los \u00faltimos meses hemos visto un aumento en visitas domiciliarias, detenciones en lugares de trabajo y reactivaci\u00f3n de \u00f3rdenes de deportaci\u00f3n antiguas. Muchas personas no sab\u00edan que su caso segu\u00eda activo hasta que enfrentaron una","inLanguage":"en-US","isPartOf":{"@id":"https:\/\/abogadaadrianagomez.com\/en\/#website"},"breadcrumb":{"@id":"https:\/\/abogadaadrianagomez.com\/en\/inmigracion-y-detenciones-que-hacer-cuales-son-tus-derechos-y-como-proteger-a-tu-familia\/#breadcrumblist"},"author":{"@id":"https:\/\/abogadaadrianagomez.com\/en\/author\/abogada-adriana-user-col\/#author"},"creator":{"@id":"https:\/\/abogadaadrianagomez.com\/en\/author\/abogada-adriana-user-col\/#author"},"image":{"@type":"ImageObject","url":"https:\/\/abogadaadrianagomez.com\/wp-content\/uploads\/2026\/02\/shutterstock_2482099011-scaled.jpg","@id":"https:\/\/abogadaadrianagomez.com\/en\/inmigracion-y-detenciones-que-hacer-cuales-son-tus-derechos-y-como-proteger-a-tu-familia\/#mainImage","width":2560,"height":1620},"primaryImageOfPage":{"@id":"https:\/\/abogadaadrianagomez.com\/en\/inmigracion-y-detenciones-que-hacer-cuales-son-tus-derechos-y-como-proteger-a-tu-familia\/#mainImage"},"datePublished":"2026-02-17T21:59:30+00:00","dateModified":"2026-04-09T14:24:54+00:00"},{"@type":"WebSite","@id":"https:\/\/abogadaadrianagomez.com\/en\/#website","url":"https:\/\/abogadaadrianagomez.com\/en\/","name":"Abogada Adriana G\u00f3mez","inLanguage":"en-US","publisher":{"@id":"https:\/\/abogadaadrianagomez.com\/en\/#organization"}}]},"og:locale":"en_US","og:site_name":"Abogada Adriana G\u00f3mez -","og:type":"article","og:title":"2026 - Abogada Adriana G\u00f3mez","og:description":"Las detenciones migratorias generan miedo e incertidumbre. Sin embargo, el conocimiento y la preparaci\u00f3n pueden marcar una diferencia significativa. En los \u00faltimos meses hemos visto un aumento en visitas domiciliarias, detenciones en lugares de trabajo y reactivaci\u00f3n de \u00f3rdenes de deportaci\u00f3n antiguas. Muchas personas no sab\u00edan que su caso segu\u00eda activo hasta que enfrentaron una","og:url":"https:\/\/abogadaadrianagomez.com\/en\/inmigracion-y-detenciones-que-hacer-cuales-son-tus-derechos-y-como-proteger-a-tu-familia\/","article:published_time":"2026-02-17T21:59:30+00:00","article:modified_time":"2026-04-09T14:24:54+00:00","twitter:card":"summary_large_image","twitter:title":"2026 - Abogada Adriana G\u00f3mez","twitter:description":"Las detenciones migratorias generan miedo e incertidumbre. Sin embargo, el conocimiento y la preparaci\u00f3n pueden marcar una diferencia significativa. En los \u00faltimos meses hemos visto un aumento en visitas domiciliarias, detenciones en lugares de trabajo y reactivaci\u00f3n de \u00f3rdenes de deportaci\u00f3n antiguas. Muchas personas no sab\u00edan que su caso segu\u00eda activo hasta que enfrentaron una"},"aioseo_meta_data":{"post_id":"9435","title":"#current_year #separator_sa #site_title","description":null,"keywords":null,"keyphrases":{"focus":{"keyphrase":"","score":0,"analysis":{"keyphraseInTitle":{"score":0,"maxScore":9,"error":1}}},"additional":[]},"primary_term":null,"canonical_url":null,"og_title":null,"og_description":null,"og_object_type":"default","og_image_type":"default","og_image_url":null,"og_image_width":null,"og_image_height":null,"og_image_custom_url":null,"og_image_custom_fields":null,"og_video":"","og_custom_url":null,"og_article_section":null,"og_article_tags":null,"twitter_use_og":false,"twitter_card":"default","twitter_image_type":"default","twitter_image_url":null,"twitter_image_custom_url":null,"twitter_image_custom_fields":null,"twitter_title":null,"twitter_description":null,"schema":{"blockGraphs":[],"customGraphs":[],"default":{"data":{"Article":[],"Course":[],"Dataset":[],"FAQPage":[],"Movie":[],"Person":[],"Product":[],"ProductReview":[],"Car":[],"Recipe":[],"Service":[],"SoftwareApplication":[],"WebPage":[]},"graphName":"BlogPosting","isEnabled":true},"graphs":[]},"schema_type":"default","schema_type_options":null,"pillar_content":false,"robots_default":true,"robots_noindex":false,"robots_noarchive":false,"robots_nosnippet":false,"robots_nofollow":false,"robots_noimageindex":false,"robots_noodp":false,"robots_notranslate":false,"robots_max_snippet":"-1","robots_max_videopreview":"-1","robots_max_imagepreview":"large","priority":null,"frequency":"default","local_seo":null,"limit_modified_date":false,"created":"2026-02-17 21:59:31","updated":"2026-05-28 22:13:33","ai":null,"breadcrumb_settings":null,"seo_analyzer_scan_date":null,"focus_keyword":null,"additional_keywords":null,"truseo_locale":null},"aioseo_breadcrumb":"<div class=\"aioseo-breadcrumbs\"><span class=\"aioseo-breadcrumb\">\n\t\t\t<a href=\"https:\/\/abogadaadrianagomez.com\/en\" title=\"Home\">Home<\/a>\n\t\t<\/span><span class=\"aioseo-breadcrumb-separator\">\u00bb<\/span><span class=\"aioseo-breadcrumb\">\n\t\t\t<a href=\"https:\/\/abogadaadrianagomez.com\/en\/category\/visas\/\" title=\"Visas\">Visas<\/a>\n\t\t<\/span><span class=\"aioseo-breadcrumb-separator\">\u00bb<\/span><span class=\"aioseo-breadcrumb\">\n\t\t\tInmigraci\u00f3n y detenciones: qu\u00e9 hacer, cu\u00e1les son tus derechos y c\u00f3mo proteger a tu familia\n\t\t<\/span><\/div>","aioseo_breadcrumb_json":[{"label":"Home","link":"https:\/\/abogadaadrianagomez.com\/en"},{"label":"Visas","link":"https:\/\/abogadaadrianagomez.com\/en\/category\/visas\/"},{"label":"Inmigraci\u00f3n y detenciones: qu\u00e9 hacer, cu\u00e1les son tus derechos y c\u00f3mo proteger a tu familia","link":"https:\/\/abogadaadrianagomez.com\/en\/inmigracion-y-detenciones-que-hacer-cuales-son-tus-derechos-y-como-proteger-a-tu-familia\/"}],"_links":{"self":[{"href":"https:\/\/abogadaadrianagomez.com\/en\/wp-json\/wp\/v2\/posts\/9435","targetHints":{"allow":["GET"]}}],"collection":[{"href":"https:\/\/abogadaadrianagomez.com\/en\/wp-json\/wp\/v2\/posts"}],"about":[{"href":"https:\/\/abogadaadrianagomez.com\/en\/wp-json\/wp\/v2\/types\/post"}],"author":[{"embeddable":true,"href":"https:\/\/abogadaadrianagomez.com\/en\/wp-json\/wp\/v2\/users\/1"}],"replies":[{"embeddable":true,"href":"https:\/\/abogadaadrianagomez.com\/en\/wp-json\/wp\/v2\/comments?post=9435"}],"version-history":[{"count":2,"href":"https:\/\/abogadaadrianagomez.com\/en\/wp-json\/wp\/v2\/posts\/9435\/revisions"}],"predecessor-version":[{"id":9447,"href":"https:\/\/abogadaadrianagomez.com\/en\/wp-json\/wp\/v2\/posts\/9435\/revisions\/9447"}],"wp:featuredmedia":[{"embeddable":true,"href":"https:\/\/abogadaadrianagomez.com\/en\/wp-json\/wp\/v2\/media\/9436"}],"wp:attachment":[{"href":"https:\/\/abogadaadrianagomez.com\/en\/wp-json\/wp\/v2\/media?parent=9435"}],"wp:term":[{"taxonomy":"category","embeddable":true,"href":"https:\/\/abogadaadrianagomez.com\/en\/wp-json\/wp\/v2\/categories?post=9435"},{"taxonomy":"post_tag","embeddable":true,"href":"https:\/\/abogadaadrianagomez.com\/en\/wp-json\/wp\/v2\/tags?post=9435"}],"curies":[{"name":"wp","href":"https:\/\/api.w.org\/{rel}","templated":true}]}}